{"id":3075,"date":"2018-05-23T00:08:08","date_gmt":"2018-05-22T22:08:08","guid":{"rendered":"http:\/\/nerdkobieta.pl\/?p=3075"},"modified":"2018-05-23T13:53:01","modified_gmt":"2018-05-23T11:53:01","slug":"tego-jeszcze-nie-bylo-na-zadnym-konwencie-rozmowa-z-krolowa-elfow","status":"publish","type":"post","link":"https:\/\/nerdkobieta.pl\/en\/tego-jeszcze-nie-bylo-na-zadnym-konwencie-rozmowa-z-krolowa-elfow\/","title":{"rendered":"Tego jeszcze nie by\u0142o na \u017cadnym konwencie! Rozmowa z Kr\u00f3low\u0105 Elf\u00f3w"},"content":{"rendered":"<p>Czo\u0142em!<\/p>\n<p>&nbsp;<\/p>\n<p>Je\u015bli nie by\u0142o Was na tegorocznym Pyrkonie, omin\u0119\u0142o Was najpi\u0119kniejsze zjawisko w polskim fandomie! Omin\u0119\u0142a Was Wioska pozna\u0144skich Elf\u00f3w.<\/p>\n<p>My\u015blisz, \u017ce elfy s\u0105 md\u0142e, \u015bmieszne, \u00a0s\u0142abe? <strong>My\u015blisz, \u017ce w polskim fandomie, opr\u00f3cz kierunku burzy, nic si\u0119 nie zmienia?<\/strong> To jest tekst dla Ciebie!<\/p>\n<p><span style=\"color: #db3030;\"><strong>Poznaj Eri\u0119, niewysok\u0105 acz energiczn\u0105 kr\u00f3low\u0105 Elf\u00f3w. W\u0142a\u015bnie rozwali\u0142a system, zabieraj\u0105c setk\u0119 Elf\u00f3w na najwi\u0119kszy konwent w Polsce!<\/strong><\/span><\/p>\n<p><span style=\"font-size: 10pt;\">Na zdj\u0119ciu poni\u017cej: Kr\u00f3lowa Elf\u00f3w, Eria, w otoczeniu dworu<\/span><\/p>\n<p><a href=\"https:\/\/www.facebook.com\/nerdkobieta\/photos\/a.346423288784104.82254.341034162656350\/1742749539151465\/?type=3&#038;theater\">https:\/\/www.facebook.com\/nerdkobieta\/photos\/a.346423288784104.82254.341034162656350\/1742749539151465\/?type=3&amp;theater<\/a><\/p>\n<h1>Rozmowa zosta\u0142a nagrana na Pyrkonie, w maju 2018.<\/h1>\n<p>&nbsp;<\/p>\n<p><strong>Dzie\u0144 dobry. Czy jest Pani organizatork\u0105 tej wioski?<\/strong><\/p>\n<p>Podobno jestem szefow\u0105, albo i kr\u00f3low\u0105 tego wszystkiego. Moje imi\u0119 Eria, ale wtedy kiedy si\u0119 urodzi\u0142am, to takie imiona nie wchodzi\u0142y w rachub\u0119 [\u015bmiech].<\/p>\n<p><strong><br \/>\nJeste\u015bcie tu chyba najlepiej zorganizowanym fandomem. Jak wpadli\u015bcie na pomys\u0142, \u017ceby zrobi\u0107 tak wielkie wydarzenie na Pyrkonie?<\/strong><\/p>\n<p>Na pocz\u0105tku wcale nie mia\u0142o by\u0107 wielkie. Mia\u0142 to by\u0107 kawa\u0142ek sceny i jakie\u015b 20 os\u00f3b z rodziny, kt\u00f3re chcia\u0142y si\u0119 przy\u0142\u0105czy\u0107. Ale potem zacz\u0119li przychodzi\u0107, jeden po drugim, ludzie z pracy i m\u00f3wili, \u017ce oni \u201ete\u017c chc\u0105 na Pyrkon\u201d. Nikt tu nie by\u0142 zmuszony do tego, \u017ceby przyj\u015b\u0107.<\/p>\n<p>Powiedzia\u0142am \u2013 dobra, jak chcecie na Pyrkon, to zaczynamy szy\u0107 stroje i stara\u0107 si\u0119 o wi\u0119cej metr\u00f3w na Pyrkonie [do wykorzystania na Wiosk\u0119, przyp. NK]. By\u0142o nas najpierw 50, potem 70, a dzisiaj jest nas tutaj 100 os\u00f3b na imprezie!<\/p>\n<p>Kiedy powiedzia\u0142am [organizatorom, przyp. NK], \u00a0\u017ce chc\u0119 mie\u0107 200 m powierzchni, to by\u0142o lekkie zdziwienie. Ale jak pani widzi, to wcale nie jest du\u017co, gdy zbierze si\u0119 tylu ludzi.<\/p>\n<p><strong><br \/>\nTo dla mnie nieco szokuj\u0105ce, \u017ce macie uszyte stroje, macie bi\u017cuteri\u0119 \u2013 ona te\u017c chyba jest wykonana r\u0119cznie?<\/strong><br \/>\nOczywi\u015bcie. Wszystko wykonane z prawdziwych materia\u0142\u00f3w, ze srebra.<\/p>\n<p><strong><br \/>\nCzy mo\u017cna do Was do\u0142\u0105czy\u0107 lub znale\u017a\u0107 Was w Internecie?<\/strong><\/p>\n<p>Jeszcze nie mo\u017cna nas znale\u017a\u0107 w Internecie, ale stworzymy pewnie na FB stron\u0119\u00a0 pod tytu\u0142em Eldamar czyli Dom Elf\u00f3w i dalej b\u0119dziemy zbiera\u0107 tych, kt\u00f3rzy chc\u0105\u00a0 do nas do\u0142\u0105czy\u0107. Wiek, waga i uroda nie maj\u0105 \u017cadnego znaczenia, poniewa\u017c Elfy to nie s\u0105 ci pi\u0119kni, wysocy i smukli. To s\u0105 ci m\u0105drzy, z wieloletnim do\u015bwiadczeniem. No i w miar\u0119 mo\u017cliwo\u015bci kulturalni.<\/p>\n<p><strong><br \/>\nJest to bardzo r\u00f3\u017cna grupa. S\u0105 tutaj z wami rodziny z dzie\u0107mi, s\u0105 osoby w r\u00f3\u017cnym wieku. \u0141\u0105czy was Tolkien?<\/strong><\/p>\n<p>Niekoniecznie. \u0141\u0105czy nas r\u00f3wnie\u017c praca.<\/p>\n<p>Je\u015bli chodzi o \u201edzieci\u201d, to jak byli\u015bmy tu kiedy\u015b w przebraniu Elf\u00f3w na Pyrkonie to jedyne inwektywy, jakie nas spotka\u0142y to by\u0142o \u201eelfy-peda\u0142y\u201d*. Wiem sk\u0105d to si\u0119 bierze, dlatego chcia\u0142am pokaza\u0107, \u017ce s\u0105 tutaj dzieci, s\u0105 kobiety w ci\u0105\u017cy\u2026 A peda\u0142y? By\u0107 mo\u017ce u nas s\u0105, ale to najcz\u0119\u015bciej u Marka przy rowerze, jak przyje\u017cd\u017ca [\u015bmiech].<\/p>\n<p>[Pozdrawiamy Marka!, NK]<\/p>\n<p>&nbsp;<\/p>\n<p><a href=\"https:\/\/www.facebook.com\/nerdkobieta\/videos\/1745587688867650\/\">https:\/\/www.facebook.com\/nerdkobieta\/videos\/1745587688867650\/<\/a><\/p>\n<p><strong><br \/>\nJeste\u015bcie z jednego miasta?<\/strong><\/p>\n<p>Jeste\u015bmy z Poznania i jeste\u015bmy praktycznie z jednego miejsca pracy.<\/p>\n<p><strong><br \/>\nBardzo Wam gratuluj\u0119. Jeste\u015bcie najja\u015bniejszym kamieniem w koronie tego konwentu. Czy jeszcze b\u0119dzie mo\u017cna Was gdzie\u015b zobaczy\u0107?<\/strong><\/p>\n<p>By\u0107 mo\u017ce wieczorem, je\u015bli b\u0119dziemy mie\u0107 do\u015b\u0107 si\u0142y, zrobimy przemarsz na Pyrkonie z lampionami. Bardzo ch\u0119tnie rozdamy lampiony jako \u015bwiat\u0142o. Zale\u017cy nam na tym, \u017ceby w naszym \u017cyciu by\u0142o troch\u0119 wi\u0119cej sympatii i empatii, a nie tylko wrzask i przemoc.<\/p>\n<p><strong><br \/>\nCzy my\u015bli pani, \u017ce te osoby, kt\u00f3re przyjecha\u0142y z wami na Pyrkon i wcze\u015bniej nie interesowa\u0142y si\u0119 fantastyk\u0105 zaczn\u0105 si\u0119 ni\u0105 interesowa\u0107? Wejd\u0105 w \u015bwiat fantastyki, fandomu?<\/strong><\/p>\n<p>Tak, my\u015bl\u0119 \u017ce tak. Fantastyka to jest bardzo szerokie s\u0142owo i bardzo r\u00f3\u017cnie si\u0119 j\u0105 przedstawia. Mog\u0105 to by\u0107 sceny okrutne, wr\u0119cz przera\u017caj\u0105ce. My\u015bl\u0119, \u017ce si\u0119 wpiszemy jako Elfowie wpiszemy si\u0119 w jej \u0142agodn\u0105 posta\u0107.<\/p>\n<p><strong>Ka\u017cdy znajdzie co\u015b dla siebie?<\/strong><\/p>\n<p>Tak my\u015bl\u0119. Inaczej [Elfowie] by tu nie przyszli.<\/p>\n<p><span style=\"font-size: 10pt;\">Poch\u00f3d z lampionami &#8211; video dzi\u0119ki uprzejmo\u015bci Olgi<\/span><\/p>\n<p><a href=\"https:\/\/www.facebook.com\/nerdkobieta\/videos\/1745621445530941\/\">https:\/\/www.facebook.com\/nerdkobieta\/videos\/1745621445530941\/<\/a><\/p>\n<h1><\/h1>\n<h1>S\u0142owo komentarza<\/h1>\n<p>Stref\u0119 Fantastycznych Inicjatyw na Pyrkonie przez jaki\u015b czas prze\u015bladowa\u0142 marazm. Wioska postapo, stalkerzy, Wikingowie \u2013 to ju\u017c wsz\u0119dzie by\u0142o, mo\u017cna pomy\u015ble\u0107**.<\/p>\n<p>Gdy na scen\u0119 Fantastycznych Inicjatyw Pyrkonu weszli Elfowie, wszyscy kr\u0119cili g\u0142owami ze zdziwieniem. <strong>Potem zacz\u0119\u0142a si\u0119 magia.<\/strong><\/p>\n<p>Elfowie Erii to a\u017c stuosobowa grupa<strong>.<\/strong> By\u0142y to zar\u00f3wno osoby m\u0142ode jak i starsze, a nawet ca\u0142e rodziny z dzie\u0107mi. Wszyscy od st\u00f3p do g\u0142\u00f3w ubrani we w\u0142asnor\u0119cznie wykonane szaty. <strong>Nawet panowie, r\u00f3wnie\u017c ci w sile wieku, dostojnie nosili peruki, spiczaste uszy i srebrne ozdoby.<\/strong><\/p>\n<p>Na Pyrkonie by\u0142o kilka organizacji promuj\u0105cych proz\u0119 Tolkiena, ale <strong>jeszcze nigdy nie by\u0142o takiej grupy<\/strong>, jak Elfowie prowadzeni przez kr\u00f3low\u0105 Eri\u0119. <strong>To zjawisko pod ka\u017cdym wzgl\u0119dem.<\/strong> Organizacj\u0105, w\u0142asnor\u0119cznie wykonanymi strojami (przy takiej ilo\u015bci os\u00f3b to wielkie osiagni\u0119cie), liczebno\u015bci\u0105 zawstydzili niejeden fandom na Pyrkonie. Ale <strong>symbolicznie wygrali ten konwent czym\u015b zupe\u0142nie innym \u2013 swoim podej\u015bciem.<\/strong><\/p>\n<p><strong>Chcia\u0142abym, \u017ceby na konwentach by\u0142o wi\u0119cej tak sympatycznych, ciep\u0142ych i otwartych os\u00f3b, jakie mia\u0142am przyjemno\u015b\u0107 spotka\u0107 pod przewodnictwem Erii.<\/strong> Os\u00f3b, kt\u00f3re cz\u0119stuj\u0105 wsp\u00f3\u0142konwentowicz\u00f3w ciastem i rozdaj\u0105 \u017cyczliwe u\u015bmiechy. \u017bycz\u0119 tej grupie jak najlepiej i mam nadziej\u0119, \u017ce jeszcze nie raz b\u0119dzie mi dane obejrze\u0107 ich taniec.<\/p>\n<p>A mo\u017ce nawet z nimi zata\u0144czy\u0107.<\/p>\n<p>&nbsp;<\/p>\n<p>Ave!<\/p>\n<h3>EDIT: Jak zauwa\u017cy\u0142a Aeveryn, Wioska Elf\u00f3w nie by\u0142a umiejscowiona w SFI, tylko w Fantasium Suburbium.<\/h3>\n<p>P.S. Bardzo dzi\u0119kuj\u0119 Tomkowi Rawi\u0144skiemu, Oldze Zasada i Ani Szewczyk za udost\u0119pnienie materia\u0142\u00f3w foto i video. Bez Was ten zak\u0142ad upadnie!<\/p>\n<p>&nbsp;<\/p>\n<p>*Eria sama poruszy\u0142a temat \u201eelf\u00f3w \u2013 peda\u0142\u00f3w\u201d. Mam nadziej\u0119, \u017ce b\u0119dzie to punkt wyj\u015bcia do warto\u015bciowej dyskusji o fandomie<\/p>\n<p>**Cho\u0107 ich wk\u0142ad w tworzenie fantastyki jest ogromny i nie zamierzam im tego odbiera\u0107<\/p>\n<p>&nbsp;<\/p>\n<p>Credits:<\/p>\n<p>Foto g\u0142\u00f3wne wpisu &#8211; Tomasz Rawi\u0144ski<br \/>\nPoch\u00f3d z lampionami &#8211; video z Pyrkonu &#8211; Olga Zasada<\/p>\n<p><a href=\"http:\/\/nerdkobieta.pl\/wp-content\/uploads\/2018\/05\/pyrkon-yoast-pusty-25.jpg\"><img fetchpriority=\"high\" decoding=\"async\" class=\"aligncenter size-large wp-image-3064\" src=\"http:\/\/nerdkobieta.pl\/wp-content\/uploads\/2018\/05\/pyrkon-yoast-pusty-25-1024x538.jpg\" alt=\"\" width=\"1024\" height=\"538\" srcset=\"https:\/\/nerdkobieta.pl\/wp-content\/uploads\/2018\/05\/pyrkon-yoast-pusty-25-1024x538.jpg 1024w, https:\/\/nerdkobieta.pl\/wp-content\/uploads\/2018\/05\/pyrkon-yoast-pusty-25-400x210.jpg 400w, https:\/\/nerdkobieta.pl\/wp-content\/uploads\/2018\/05\/pyrkon-yoast-pusty-25-300x158.jpg 300w, https:\/\/nerdkobieta.pl\/wp-content\/uploads\/2018\/05\/pyrkon-yoast-pusty-25-768x403.jpg 768w, https:\/\/nerdkobieta.pl\/wp-content\/uploads\/2018\/05\/pyrkon-yoast-pusty-25-830x436.jpg 830w, https:\/\/nerdkobieta.pl\/wp-content\/uploads\/2018\/05\/pyrkon-yoast-pusty-25-230x121.jpg 230w, https:\/\/nerdkobieta.pl\/wp-content\/uploads\/2018\/05\/pyrkon-yoast-pusty-25-350x184.jpg 350w, https:\/\/nerdkobieta.pl\/wp-content\/uploads\/2018\/05\/pyrkon-yoast-pusty-25-480x252.jpg 480w, https:\/\/nerdkobieta.pl\/wp-content\/uploads\/2018\/05\/pyrkon-yoast-pusty-25-600x315.jpg 600w, https:\/\/nerdkobieta.pl\/wp-content\/uploads\/2018\/05\/pyrkon-yoast-pusty-25-820x431.jpg 820w, https:\/\/nerdkobieta.pl\/wp-content\/uploads\/2018\/05\/pyrkon-yoast-pusty-25.jpg 535w\" sizes=\"(max-width: 1024px) 100vw, 1024px\" \/><\/a><\/p>\n","protected":false},"excerpt":{"rendered":"<p>Czo\u0142em! &nbsp; Je\u015bli nie by\u0142o Was na tegorocznym Pyrkonie, omin\u0119\u0142o [&hellip;]<\/p>\n","protected":false},"author":1,"featured_media":3076,"comment_status":"open","ping_status":"open","sticky":false,"template":"","format":"standard","meta":{"_eb_attr":"","two_page_speed":[],"footnotes":""},"categories":[1625],"tags":[1323,1322,1324,1320,254,265,1328,500,1321,791,862,1329,921,1327,1326,1325,1192],"class_list":["post-3075","post","type-post","status-publish","format-standard","has-post-thumbnail","hentry","category-bez-kategorii-pl","tag-elfowie","tag-elfy","tag-endamar","tag-eria","tag-eventy","tag-fandom","tag-jrr-tolkien","tag-konwent","tag-krolowa-elfow","tag-polski-fandom","tag-pyrkon","tag-pyrkon-2018","tag-rozmowa","tag-tolkie","tag-wioska-tolkienowska","tag-wioskaelfow","tag-wywiad"],"_links":{"self":[{"href":"https:\/\/nerdkobieta.pl\/en\/wp-json\/wp\/v2\/posts\/3075","targetHints":{"allow":["GET"]}}],"collection":[{"href":"https:\/\/nerdkobieta.pl\/en\/wp-json\/wp\/v2\/posts"}],"about":[{"href":"https:\/\/nerdkobieta.pl\/en\/wp-json\/wp\/v2\/types\/post"}],"author":[{"embeddable":true,"href":"https:\/\/nerdkobieta.pl\/en\/wp-json\/wp\/v2\/users\/1"}],"replies":[{"embeddable":true,"href":"https:\/\/nerdkobieta.pl\/en\/wp-json\/wp\/v2\/comments?post=3075"}],"version-history":[{"count":0,"href":"https:\/\/nerdkobieta.pl\/en\/wp-json\/wp\/v2\/posts\/3075\/revisions"}],"wp:featuredmedia":[{"embeddable":true,"href":"https:\/\/nerdkobieta.pl\/en\/wp-json\/wp\/v2\/media\/3076"}],"wp:attachment":[{"href":"https:\/\/nerdkobieta.pl\/en\/wp-json\/wp\/v2\/media?parent=3075"}],"wp:term":[{"taxonomy":"category","embeddable":true,"href":"https:\/\/nerdkobieta.pl\/en\/wp-json\/wp\/v2\/categories?post=3075"},{"taxonomy":"post_tag","embeddable":true,"href":"https:\/\/nerdkobieta.pl\/en\/wp-json\/wp\/v2\/tags?post=3075"}],"curies":[{"name":"wp","href":"https:\/\/api.w.org\/{rel}","templated":true}]}}