{"id":1552,"date":"2014-08-31T14:00:33","date_gmt":"2014-08-31T12:00:33","guid":{"rendered":"http:\/\/nerdkobieta.blog.pl\/?p=1552"},"modified":"2014-08-31T14:00:33","modified_gmt":"2014-08-31T12:00:33","slug":"polskie-metro-2033-cz-ii-wywiadu-z-pawlem-majka","status":"publish","type":"post","link":"https:\/\/nerdkobieta.pl\/en\/polskie-metro-2033-cz-ii-wywiadu-z-pawlem-majka\/","title":{"rendered":"Polskie &#8222;Metro 2033&#8221; &#8211; cz. II wywiadu z Paw\u0142em Majk\u0105"},"content":{"rendered":"<p style=\"text-align: justify\"><span style=\"font-family: georgia, palatino\">Czo\u0142em!<\/span><\/p>\n<p style=\"text-align: justify\"><span style=\"font-family: georgia, palatino\">W Parking Barze by\u0142o ekstra, cho\u0107 oficjalna impreza dopiero si\u0119 odb\u0119dzie! Zaparkujemy w Zonie po raz trzeci z redakcj\u0105 Post &#8211; Apokalipsy Polskiej i autorami Fabrycznej Zony ju\u017c nied\u0142ugo, a tymczasem<strong> trwa walka o dusze Czytelnik\u00f3w. Dobra, trwa walka o moj\u0105 dusz\u0119. Kt\u00f3ra ksi\u0105\u017cka jest lepsza, &#8222;Kompleks 7215&#8221; czy &#8222;Dzielnica obiecana&#8221;?<\/strong> A mo\u017ce nie warto ich por\u00f3wnywa\u0107 w ten spos\u00f3b? <\/span><\/p>\n<p style=\"text-align: justify\"><span style=\"font-family: georgia, palatino\">Tego dowiem si\u0119 po przeczytaniu obu, p\u00f3ki co wzdycham , &#8222;acham&#8221; i&#8221;ocham&#8221; nad premier\u0105 Fabryki S\u0142\u00f3w. &#8222;Dzielnica obiecana&#8221; jeszcze do mnie nie dotar\u0142a, ale na my\u015bl o paczce z ni\u0105 ju\u017c cuzj\u0119 to samo, co dzieci przed wigilijn\u0105 choink\u0105. W ko\u0144cu, <strong>w &#8222;polskim Metrze&#8221; maj\u0105 by\u0107 kobiety!<\/strong> Bohaterki! I mo\u017ce nie b\u0119d\u0105 tylko dla ubarwienia fabu\u0142y, jak w &#8222;O\u0142owianym \u015awicie&#8221; Micha\u0142a Go\u0142kowskiego? Albo nie b\u0119d\u0105 tylko po\u015bmiewiskiem z baboch\u0142op\u00f3w? Po prostu &#8211; mo\u017ce to w ko\u0144cu to polskie postapo, w kt\u00f3rym b\u0119d\u0105 fajne bohaterki?\u00a0Dowiem si\u0119 ju\u017c nied\u0142ugo, a tymczasem &#8211; <strong>przeczytajcie drug\u0105 cz\u0119\u015b\u0107 wywiadu z Paw\u0142em Majk\u0105. <\/strong>Dowiecie si\u0119, czy &#8222;Dzielnica obiecana&#8221; na pewno jest taka &#8222;obiecana&#8221;, jak mo\u017ce sugerowa\u0107 tytu\u0142.<\/span><\/p>\n<p style=\"text-align: justify\"><span style=\"font-family: georgia, palatino\">Ave!<\/span><\/p>\n<p style=\"text-align: justify\"><span style=\"font-family: georgia, palatino\"><img fetchpriority=\"high\" decoding=\"async\" class=\"ngg-singlepic ngg-center aligncenter\" alt=\"metro-ksiazka\" src=\"http:\/\/nerdkobieta.blog.pl\/wp-content\/blogs.dir\/413676\/files\/books\/metro-ksiazka.jpg\" width=\"563\" height=\"365\" \/><\/span><\/p>\n<p style=\"text-align: justify\"><span style=\"font-family: georgia, palatino\"><!--more--><\/span><\/p>\n<p style=\"text-align: justify\"><span style=\"font-family: georgia, palatino\"><strong>Tytu\u0142 pana ksi\u0105\u017cki \u2013 \u201eDzielnica obiecana\u201d &#8211; jest pe\u0142en nadziei. Czy czytelnicy zm\u0119czeni pos\u0119pno\u015bci\u0105 rosyjskoj\u0119zycznych tytu\u0142\u00f3w mog\u0105 liczy\u0107 na zmian\u0119 \u201eklimatu\u201d powie\u015bci?<\/strong><\/span><\/p>\n<p style=\"text-align: justify\"><span style=\"font-family: georgia, palatino\"> <strong>P.M.:\u00a0<\/strong>Obawiam si\u0119, \u017ce tytu\u0142 jest nieco ironiczny. Cz\u0119\u015bci\u0105 \u015bwiata \u201eMetra\u201d jest owa pos\u0119pno\u015b\u0107, o kt\u00f3rej Pani m\u00f3wi. Cho\u0107 jestem w stanie wyobrazi\u0107 sobie komedi\u0119 postapo, to jednak \u017cycie po wojnie atomowej musi by\u0107 twarde, ryzykowne i ponure. Nowa Huta nie r\u00f3\u017cni si\u0119 pod tym wzgl\u0119dem od Moskwy, czy Petersburga. Natomiast pozwoli\u0142em sobie wprowadzi\u0107 nieco humoru poprzez stworzenie kilku postaci nieco odbiegaj\u0105cych od typowych postapokaliptycznych bohater\u00f3w. Zobaczymy, czy czytelnicy mi to wybacz\u0105.<\/span><\/p>\n<p style=\"text-align: justify\"><span style=\"font-family: georgia, palatino\"><strong>Jeden z naszych fan\u00f3w stwierdzi\u0142, \u017ce &#8222;o tym kraju i ludziach mo\u017cna pisa\u0107 tylko \u017ale&#8221;. Jaki obraz Polaka, \u017cyj\u0105cego na gruzach swojej ojczyzny, kreuje Pan w \u201eDzielnicy obiecanej\u201d?<br \/>\n<\/strong><strong style=\"font-size: 14.4444446563721px\">P.M.:\u00a0<\/strong>Tylko \u017ale? Nie zgadzam si\u0119. \u201eTenkraj\u201d to nazwa jakiej\u015b mitycznej przestrzeni, kt\u00f3r\u0105 sami kszta\u0142tujemy powielaj\u0105c negatywne wyobra\u017cenia i stereotypy. Nie twierdz\u0119, \u017ce\u00a0<\/span><br \/>\n<span style=\"font-family: georgia, palatino\"> \u017cyjemy w raju, ale co nieco nam si\u0119 udaje. My\u015bl\u0119, \u017ce powszedni opis jest gorszy ni\u017c rzeczywisto\u015b\u0107, kt\u00f3rej dotyczy.\u00a0Mo\u017ce si\u0119 wydawa\u0107, \u017ce typ Polaka- spryciarza, kt\u00f3ry w ka\u017cdej sytuacji sobie poradzi, i wszystko jako\u015b sobie za\u0142atwi jest wr\u0119cz stworzony do postapokalipsy. Z obawy, by nie zmieni\u0107 powie\u015bci w fars\u0119 ucieka\u0142em od takich postaci jak mog\u0142em. Mo\u017ce jeden z bohater\u00f3w troszk\u0119 przypomina taki typ? Ale to ma\u0142o pozytywna posta\u0107, nie wpisuje si\u0119 wi\u0119c w archetyp.<\/span><br \/>\n<span style=\"font-family: georgia, palatino\"> Bohaterowie mojej powie\u015bci przede wszystkim staraj\u0105 si\u0119 prze\u017cy\u0107. Jedni \u2013 ci bardziej idealistycznie nastawieni do \u015bwiata \u2013 maj\u0105 nadziej\u0119, \u017ce nie b\u0119d\u0105 musieli nikogo skrzywdzi\u0107, inni pozbawieni s\u0105 takich z\u0142udze\u0144. Nie jestem pewien, czy mo\u017cna w\u015br\u00f3d nich wyr\u00f3\u017cni\u0107 jakie\u015b szczeg\u00f3lnie polskie typy. To natomiast, co wydaje mi si\u0119 charakterystyczne dla Polak\u00f3w, to niemal wrodzony brak zaufania moich bohater\u00f3w do w\u0142adzy.<\/span><\/p>\n<blockquote>\n<p style=\"text-align: justify\"><span style=\"font-family: georgia, palatino\">Nowa Huta. Zaprojektowane i\u00a0zbudowane od podstaw robotnicze miasto. XVIII dzielnica Krakowa. To tu, w\u00a0podziemnych schronach, mieszkaj\u0105 ci, kt\u00f3rzy przetrwali nuklearn\u0105 apokalips\u0119. Ka\u017cdy dzie\u0144 oznacza dla nich walk\u0119, ka\u017cdy miesi\u0105c przynosi nowe zagro\u017cenia. W\u015br\u00f3d strz\u0119p\u00f3w cywilizacji prze\u017cycie kolejnego roku zakrawa na cud.<\/span><\/p>\n<p style=\"text-align: justify\"><span style=\"font-family: georgia, palatino\">~Wydawnictwo Insignis<\/span><\/p>\n<\/blockquote>\n<p style=\"text-align: justify\"><span style=\"font-family: georgia, palatino\"><strong>Istnieje pewien stereotyp, \u017ce mieszka\u0144cy Krakowa i Warszawy nie darz\u0105 si\u0119 szczeg\u00f3ln\u0105 sympati\u0105 \u2013 czy znajdziemy na to dowody w ksi\u0105\u017cce?<br \/>\n<\/strong><strong>P.M.:\u00a0<\/strong>O Warszawie moi bohaterowie nie rozmawiaj\u0105. Le\u017cy dla nich zbyt daleko, by si\u0119 ni\u0105 przejmowali. Nawet Krak\u00f3w jest dla nich zbyt oddalony. Unika\u0142em jakichkolwiek wspomnie\u0144 o Warszawie z bardzo prozaicznego powodu \u2013 by nie wchodzi\u0107 w parad\u0119 komu\u015b, kto chcia\u0142by napisa\u0107 powie\u015b\u0107, kt\u00f3rej akcj\u0119 umie\u015bci\u0142by w stolicy.<\/span><\/p>\n<p style=\"text-align: justify\"><span style=\"font-family: georgia, palatino\">My\u015bl\u0119, zreszt\u0105, \u017ce \u201etradycyjna\u201d niech\u0119\u0107 pomi\u0119dzy Krakowem a Warszaw\u0105 to rodzaj mitu. Wszyscy nim \u017cyjemy, powtarzamy dowcipy na ten temat, ale jako\u015b nigdy nie spotka\u0142em si\u0119 z niech\u0119ci\u0105 wobec mnie w Warszawie, sam te\u017c nie \u015bcigam warszawiak\u00f3w przyje\u017cd\u017caj\u0105cych do Krakowa. Oczywi\u015bcie, mieszka\u0144cy Warszawy u\u017cywaj\u0105 troch\u0119 dziwnego j\u0119zyka, myl\u0105 nazwy ciastek itd. Ale my w Krakowie im to wybaczamy. Wr\u00f3ci\u0142em z Warszawy ledwie tydzie\u0144 temu i musze powiedzie\u0107, \u017ce coraz bardziej mi si\u0119 w tym mie\u015bcie podoba. Jest mo\u017ce troch\u0119 zbyt du\u017ce jak na m\u00f3j gust, ale bardzo \u0142adnie si\u0119 rozwija.<\/span><\/p>\n<p style=\"text-align: justify\"><span style=\"font-family: georgia, palatino\"><strong>Czy w krakowskich tunelach walczy\u0107 b\u0119d\u0105 frakcje oparte o subkultury Krakowa?<br \/>\n<strong>P.M.:\u00a0<\/strong><\/strong>Nie. Musia\u0142bym wple\u015b\u0107 w powie\u015b\u0107 temat pi\u0142ki no\u017cnej, a ten motyw wykorzysta\u0142em ju\u017c w \u201ePokoju \u015awiat\u00f3w\u201d. Wola\u0142em unikn\u0105\u0107 podobie\u0144stw mi\u0119dzy tymi dwoma powie\u015bciami, tym bardziej, \u017ce ukaza\u0142y si\u0119 w tym samym roku. Poza tym staraj\u0105c si\u0119 wej\u015b\u0107 w literack\u0105 dyskusj\u0119 z Dmitrijem G\u0142uchowskim wykorzysta\u0142em cz\u0119\u015b\u0107 frakcji, kt\u00f3re on wprowadzi\u0142, ale zaproponowa\u0142em rodzim\u0105 wariacj\u0119 na ich temat.<\/span><\/p>\n<p style=\"text-align: justify\"><span style=\"font-family: georgia, palatino\"><strong>Czy fanki Metra2033 znajd\u0105 w \u201eDzielnicy\u2026\u201d postacie, z kt\u00f3rymi b\u0119d\u0105 mog\u0142y si\u0119 identyfikowa\u0107? Faktem jest, \u017ce rynek postapo w Polsce pomija kobiety interesuj\u0105ce si\u0119 t\u0105 stylistyk\u0105 w konwencji \u201estalkera &#8211; poszukiwacza\u201d.<br \/>\n<\/strong><strong>P.M.:\u00a0<\/strong>Jestem bardzo ciekaw jak czytelnicy odbior\u0105 postaci kobiece w \u201eDzielnicy obiecanej\u201d. Pojawiaj\u0105 si\u0119 tam trzy wa\u017cne kobiety, ka\u017cda jest inna. Jedn\u0105 pozwoli\u0142em sobie nieco przerysowa\u0107, wysun\u0119\u0142a si\u0119 dzi\u0119ki temu na pierwszy plan. Mia\u0142em ochot\u0119 napisa\u0107 kobiet\u0119, jakiej w fantastyce prawie nie spotka\u0142em. Czy mi si\u0119 uda\u0142o, pozostawiam czytelniczej ocenie. Czy czytelniczki b\u0119d\u0105 chcia\u0142y si\u0119 z t\u0105 postaci\u0105 identyfikowa\u0107, nie jestem pewien. Jest pe\u0142na \u017cycia, silna, wr\u0119cz \u017cywio\u0142owa. Ale z identyfikowaniem si\u0119 z ni\u0105 mo\u017ce nie by\u0107 \u0142atwo.<\/span><\/p>\n<p style=\"text-align: justify\"><span style=\"font-family: georgia, palatino\"><strong>Ostatnie pytanie \u2013 jak Pan ocenia postapokalips\u0119 jako cz\u0119\u015b\u0107 fantastyki w Polsce?<\/strong><\/span><br \/>\n<span style=\"font-family: georgia, palatino\"> <strong>P.M.:\u00a0<\/strong>Mamy w tej chwili chyba boom na postapo. R\u00f3wnolegle ukazuje si\u0119 seria \u201eMetra 2033\u201d oraz powie\u015bci ze \u015bwiata \u201eStalker\u201d. Robert Szmidt, kt\u00f3rego mo\u017cna chyba okre\u015bli\u0107 prekursorem post apo w Polsce wydaje kolejn\u0105 powie\u015b\u0107. Rok temu ukaza\u0142a si\u0119 antologia \u201eRok po ko\u0144cu \u015bwiata\u201d. Wydaje si\u0119 wi\u0119c, \u017ce w temacie dzieje si\u0119 ca\u0142kiem sporo. A przecie\u017c wcze\u015bniej mieli\u015bmy jeszcze \u201eZakon kra\u0144ca \u015bwiata\u201d Kossakowskiej. R\u00f3wnocze\u015bnie te wszystkie powie\u015bci nie maj\u0105 chyba wi\u0119kszego znaczenia dla polskiej fantastyki, istniej\u0105 jakby obok jej g\u0142\u00f3wnego nurtu. Cho\u0107 mo\u017ce si\u0119 myl\u0119, przecie\u017c w tym roku do kandydowania do nagrody im. Janusza Zajdla czytelnicy wybrali a\u017c trzy opowiadania z antologii \u201eRok po ko\u0144cu \u015bwiata\u201d.<\/span><\/p>\n<p style=\"text-align: justify\"><span style=\"font-family: georgia, palatino\">Dzi\u0119kuj\u0119 serdecznie Paw\u0142owi Majce i wydawnictwu Insignis za mo\u017cliwo\u015b\u0107 przeprowadzenia wywiadu.<\/span><br \/>\n<span style=\"font-family: georgia, palatino\"> Ave!<\/span><\/p>","protected":false},"excerpt":{"rendered":"<p>Czo\u0142em! W Parking Barze by\u0142o ekstra, cho\u0107 oficjalna impreza dopiero [&hellip;]<\/p>\n","protected":false},"author":1,"featured_media":0,"comment_status":"open","ping_status":"open","sticky":false,"template":"","format":"standard","meta":{"_eb_attr":"","two_page_speed":[],"footnotes":""},"categories":[1625],"tags":[88,180,227,257,259,277,398,480,517,535,610,611,694,782,786,787,788,797,816,1134],"class_list":["post-1552","post","type-post","status-publish","format-standard","hentry","category-bez-kategorii-pl","tag-bartek-biedrzycki","tag-czytelniczki-fantastyczki","tag-dzielnica-obiecana","tag-fabryczna-zona","tag-fabryka-slow","tag-fantastyka-polska","tag-insignis","tag-kompleks-7215","tag-krakow","tag-ksiazki","tag-metro","tag-metro-2033","tag-nowa-huta","tag-polska-fantastyka","tag-polska-literatura","tag-polska-post-apokalipsa","tag-polska-postapokalipsa","tag-polskie-metro","tag-postapokalipsa-polska","tag-warszawa"],"_links":{"self":[{"href":"https:\/\/nerdkobieta.pl\/en\/wp-json\/wp\/v2\/posts\/1552","targetHints":{"allow":["GET"]}}],"collection":[{"href":"https:\/\/nerdkobieta.pl\/en\/wp-json\/wp\/v2\/posts"}],"about":[{"href":"https:\/\/nerdkobieta.pl\/en\/wp-json\/wp\/v2\/types\/post"}],"author":[{"embeddable":true,"href":"https:\/\/nerdkobieta.pl\/en\/wp-json\/wp\/v2\/users\/1"}],"replies":[{"embeddable":true,"href":"https:\/\/nerdkobieta.pl\/en\/wp-json\/wp\/v2\/comments?post=1552"}],"version-history":[{"count":0,"href":"https:\/\/nerdkobieta.pl\/en\/wp-json\/wp\/v2\/posts\/1552\/revisions"}],"wp:attachment":[{"href":"https:\/\/nerdkobieta.pl\/en\/wp-json\/wp\/v2\/media?parent=1552"}],"wp:term":[{"taxonomy":"category","embeddable":true,"href":"https:\/\/nerdkobieta.pl\/en\/wp-json\/wp\/v2\/categories?post=1552"},{"taxonomy":"post_tag","embeddable":true,"href":"https:\/\/nerdkobieta.pl\/en\/wp-json\/wp\/v2\/tags?post=1552"}],"curies":[{"name":"wp","href":"https:\/\/api.w.org\/{rel}","templated":true}]}}